{"id":2050,"date":"2025-12-03T16:11:55","date_gmt":"2025-12-03T16:11:55","guid":{"rendered":"https:\/\/chateaudelaillyenval.com\/?post_type=news&#038;p=2050"},"modified":"2025-12-03T16:11:55","modified_gmt":"2025-12-03T16:11:55","slug":"salon-du-livre-le-18-et-le-19-janvier-2025","status":"publish","type":"news","link":"https:\/\/chateaudelaillyenval.com\/en\/news\/salon-du-livre-le-18-et-le-19-janvier-2025\/","title":{"rendered":"Salon du Livre &#8211; Le 18 et le 19 janvier 2025"},"content":{"rendered":"<div class=\"elementor-element elementor-element-bc2046c elementor-widget elementor-widget-text-editor\" data-id=\"bc2046c\" data-element_type=\"widget\" data-widget_type=\"text-editor.default\">\n<div class=\"elementor-widget-container\">\n<p><strong>PREMIER SALON DU LIVRE AU CH\u00c2TEAU : UN RENDEZ-VOUS CULTUREL ATTENDU<\/strong><\/p>\n<p><strong>Samedi et dimanche de 10h00 \u00e0 17h00<\/strong><\/p>\n<\/div>\n<\/div>\n<div class=\"elementor-element elementor-element-5d0a631 elementor-widget elementor-widget-text-editor\" data-id=\"5d0a631\" data-element_type=\"widget\" data-widget_type=\"text-editor.default\">\n<div class=\"elementor-widget-container\">\n<p><strong>ENTREE LIBRE<\/strong><\/p>\n<\/div>\n<\/div>\n<p>&nbsp;<\/p>\n<p>Pour ouvrir l\u2019ann\u00e9e 2025, le ch\u00e2teau de Lailly-en-Val accueille un <strong>salon du livre les 18 et 19 janvier<\/strong>, dans la prestigieuse salle de bal du Duc de Lorge. Ce cadre patrimonial se transforme en lieu de rencontres et de d\u00e9couvertes litt\u00e9raires. Pr\u00e8s de <strong>trente auteurs<\/strong> sont venus pr\u00e9senter leurs \u0153uvres pour cette premi\u00e8re \u00e9dition organis\u00e9e au ch\u00e2teau. Les visiteurs ont pu explorer une grande diversit\u00e9 de genres : <strong>polars, r\u00e9cits historiques, romans contemporains, litt\u00e9rature du terroir, science-fiction, fantasy, po\u00e9sie ou encore autobiographies<\/strong>. La majorit\u00e9 des \u00e9crivains viennent de la r\u00e9gion Centre-Val de Loire, mais certains sont issus \u00e9galement d\u2019autres horizons, offrant ainsi une richesse de styles et de sensibilit\u00e9s.<\/p>\n<p>Bien plus qu\u2019un simple temps de d\u00e9dicaces et de rencontres litt\u00e9raires, <strong>ce salon s\u2019inscrit dans une dynamique culturelle \u00e9largie<\/strong>. Le ch\u00e2teau affirme ainsi sa vocation de lieu vivant, d\u00e9di\u00e9 \u00e0 l\u2019animation et \u00e0 la mise en valeur du patrimoine.<\/p>\n<p>L\u2019organisation technique est assur\u00e9e par l\u2019association <strong>Vitalit\u00e9 Rurale<\/strong>, qui coordonne chaque ann\u00e9e plus de <strong>35 salons du livre dans le Loiret et les d\u00e9partements voisins<\/strong>. Mais ici, l\u2019accent est mis avant tout, sur le <strong>rayonnement du ch\u00e2teau et de la commune<\/strong>, qui voient dans ce rendez-vous une occasion de renforcer le lien entre habitants, patrimoine et cr\u00e9ation litt\u00e9raire.<\/p>\n<p>Ce salon du livre au ch\u00e2teau de Lailly-en-Val se veut ainsi un <strong>moment de convivialit\u00e9 et de transmission culturelle<\/strong>, o\u00f9 le plaisir de lire se conjugue avec la d\u00e9couverte d\u2019un lieu charg\u00e9 d\u2019histoire.<\/p>\n<p><a href=\"https:\/\/www.facebook.com\/groups\/3977387392325487\" target=\"_blank\" rel=\"noopener\">Groupe Facebook<\/a><\/p>\n<p>&nbsp;<\/p>\n<p><img fetchpriority=\"high\" decoding=\"async\" class=\"alignnone size-medium wp-image-2027\" src=\"https:\/\/chateaudelaillyenval.com\/wp-content\/uploads\/2024\/10\/DSC_0645-300x200.jpg\" alt=\"\" width=\"300\" height=\"200\" srcset=\"https:\/\/chateaudelaillyenval.com\/wp-content\/uploads\/2024\/10\/DSC_0645-300x200.jpg 300w, https:\/\/chateaudelaillyenval.com\/wp-content\/uploads\/2024\/10\/DSC_0645-1024x683.jpg 1024w, https:\/\/chateaudelaillyenval.com\/wp-content\/uploads\/2024\/10\/DSC_0645-768x512.jpg 768w, https:\/\/chateaudelaillyenval.com\/wp-content\/uploads\/2024\/10\/DSC_0645-1536x1025.jpg 1536w, https:\/\/chateaudelaillyenval.com\/wp-content\/uploads\/2024\/10\/DSC_0645-2048x1367.jpg 2048w\" sizes=\"(max-width: 300px) 100vw, 300px\" \/> <img decoding=\"async\" class=\"alignnone size-medium wp-image-2023\" src=\"https:\/\/chateaudelaillyenval.com\/wp-content\/uploads\/2024\/10\/DSC_0634-300x200.jpg\" alt=\"\" width=\"300\" height=\"200\" srcset=\"https:\/\/chateaudelaillyenval.com\/wp-content\/uploads\/2024\/10\/DSC_0634-300x200.jpg 300w, https:\/\/chateaudelaillyenval.com\/wp-content\/uploads\/2024\/10\/DSC_0634-1024x683.jpg 1024w, https:\/\/chateaudelaillyenval.com\/wp-content\/uploads\/2024\/10\/DSC_0634-768x512.jpg 768w, https:\/\/chateaudelaillyenval.com\/wp-content\/uploads\/2024\/10\/DSC_0634-1536x1025.jpg 1536w, https:\/\/chateaudelaillyenval.com\/wp-content\/uploads\/2024\/10\/DSC_0634-2048x1367.jpg 2048w\" sizes=\"(max-width: 300px) 100vw, 300px\" \/><\/p>\n<p><img decoding=\"async\" class=\"alignnone size-medium wp-image-2032\" src=\"https:\/\/chateaudelaillyenval.com\/wp-content\/uploads\/2024\/10\/Chateau-Lailly-en-val-03-300x226.jpg\" alt=\"\" width=\"300\" height=\"226\" srcset=\"https:\/\/chateaudelaillyenval.com\/wp-content\/uploads\/2024\/10\/Chateau-Lailly-en-val-03-300x226.jpg 300w, https:\/\/chateaudelaillyenval.com\/wp-content\/uploads\/2024\/10\/Chateau-Lailly-en-val-03-1024x771.jpg 1024w, https:\/\/chateaudelaillyenval.com\/wp-content\/uploads\/2024\/10\/Chateau-Lailly-en-val-03-768x578.jpg 768w, https:\/\/chateaudelaillyenval.com\/wp-content\/uploads\/2024\/10\/Chateau-Lailly-en-val-03-1536x1156.jpg 1536w, https:\/\/chateaudelaillyenval.com\/wp-content\/uploads\/2024\/10\/Chateau-Lailly-en-val-03-2048x1542.jpg 2048w\" sizes=\"(max-width: 300px) 100vw, 300px\" \/> <img loading=\"lazy\" decoding=\"async\" class=\"alignnone wp-image-2030\" src=\"https:\/\/chateaudelaillyenval.com\/wp-content\/uploads\/2024\/10\/DSC_0816-300x200.jpg\" alt=\"\" width=\"335\" height=\"223\" srcset=\"https:\/\/chateaudelaillyenval.com\/wp-content\/uploads\/2024\/10\/DSC_0816-300x200.jpg 300w, https:\/\/chateaudelaillyenval.com\/wp-content\/uploads\/2024\/10\/DSC_0816-1024x683.jpg 1024w, https:\/\/chateaudelaillyenval.com\/wp-content\/uploads\/2024\/10\/DSC_0816-768x512.jpg 768w, https:\/\/chateaudelaillyenval.com\/wp-content\/uploads\/2024\/10\/DSC_0816-1536x1025.jpg 1536w, https:\/\/chateaudelaillyenval.com\/wp-content\/uploads\/2024\/10\/DSC_0816-2048x1367.jpg 2048w\" sizes=\"(max-width: 335px) 100vw, 335px\" \/><\/p>","protected":false},"featured_media":542,"template":"","meta":[],"news-category":[18],"class_list":["post-2050","news","type-news","status-publish","has-post-thumbnail","hentry","news-category-salons"],"jetpack_sharing_enabled":true,"_links":{"self":[{"href":"https:\/\/chateaudelaillyenval.com\/en\/wp-json\/wp\/v2\/news\/2050","targetHints":{"allow":["GET"]}}],"collection":[{"href":"https:\/\/chateaudelaillyenval.com\/en\/wp-json\/wp\/v2\/news"}],"about":[{"href":"https:\/\/chateaudelaillyenval.com\/en\/wp-json\/wp\/v2\/types\/news"}],"wp:featuredmedia":[{"embeddable":true,"href":"https:\/\/chateaudelaillyenval.com\/en\/wp-json\/wp\/v2\/media\/542"}],"wp:attachment":[{"href":"https:\/\/chateaudelaillyenval.com\/en\/wp-json\/wp\/v2\/media?parent=2050"}],"wp:term":[{"taxonomy":"news-category","embeddable":true,"href":"https:\/\/chateaudelaillyenval.com\/en\/wp-json\/wp\/v2\/news-category?post=2050"}],"curies":[{"name":"wp","href":"https:\/\/api.w.org\/{rel}","templated":true}]}}