{"id":2068,"date":"2025-12-03T18:04:20","date_gmt":"2025-12-03T18:04:20","guid":{"rendered":"https:\/\/chateaudelaillyenval.com\/?post_type=news&#038;p=2068"},"modified":"2025-12-03T18:15:53","modified_gmt":"2025-12-03T18:15:53","slug":"exposition-peintures-et-photos-les-5-et-6-juillet-2025","status":"publish","type":"news","link":"https:\/\/chateaudelaillyenval.com\/en\/news\/exposition-peintures-et-photos-les-5-et-6-juillet-2025\/","title":{"rendered":"Exposition peintures et photos les 5 et 6 juillet 2025"},"content":{"rendered":"<div class=\"elementor-element elementor-element-1d32b5f7 elementor-widget elementor-widget-text-editor\" data-id=\"1d32b5f7\" data-element_type=\"widget\" data-widget_type=\"text-editor.default\">\n<div class=\"elementor-widget-container\">\n<div>\n<p>D\u00e9couvrez les peintures de <strong>Fran\u00e7oise Lambert<\/strong> et les photographies d\u2019<strong>Annie Marie-Fontaine<\/strong>, deux artistes et amies aux sensibilit\u00e9s proches.<\/p>\n<p><strong>Annie Marie-Fontaine, photographe<\/strong> \u2013 Annie commence en capturant des moments familiaux. Sa vision \u00e9volue apr\u00e8s des conf\u00e9rences \u00e0 l\u2019\u00c9cole du Louvre en 2002-2003, qui l\u2019incitent \u00e0 approfondir cet art. En 2009, elle rejoint le collectif <strong>VALIMAGE<\/strong> \u00e0 Tavers\/Beaugency et se forme aupr\u00e8s de professionnels. En 2014, elle r\u00e9alise son premier projet solo : photographier 85 commer\u00e7ants de Beaugency avec des chats pour illustrer la l\u00e9gende du Pont. Expos\u00e9 \u00e0 la Galerie Pellieux, ce travail int\u00e8gre d\u00e9sormais les archives patrimoniales de la ville. Depuis, elle expose r\u00e9guli\u00e8rement des th\u00e8mes qui lui tiennent \u00e0 c\u0153ur, notamment la nature du Val de Loire.<\/p>\n<p><strong>Fran\u00e7oise Lambert, peintre<\/strong> \u2013 Fran\u00e7oise pratique la peinture depuis plusieurs ann\u00e9es et fr\u00e9quente l\u2019atelier <strong>Les Arts Libres<\/strong> \u00e0 Orl\u00e9ans. Elle participe \u00e0 diverses expositions \u00e0 Orl\u00e9ans, Semoy et Beaugency. Lors de l\u2019une d\u2019elles, elle est particuli\u00e8rement attir\u00e9e par les photographies d\u2019Annie Marie-Fontaine. Une ressemblance frappante appara\u00eet entre certaines de leurs \u0153uvres, par les motifs, les couleurs et les lumi\u00e8res. Cette affinit\u00e9 artistique les conduit \u00e0 exposer ensemble \u00e0 plusieurs reprises.<\/p>\n<\/div>\n<\/div>\n<\/div>\n<div><img fetchpriority=\"high\" decoding=\"async\" class=\"alignnone size-medium wp-image-2069\" src=\"https:\/\/chateaudelaillyenval.com\/wp-content\/uploads\/2025\/12\/IMG-20250705-WA0002-225x300.jpg\" alt=\"\" width=\"225\" height=\"300\" srcset=\"https:\/\/chateaudelaillyenval.com\/wp-content\/uploads\/2025\/12\/IMG-20250705-WA0002-225x300.jpg 225w, https:\/\/chateaudelaillyenval.com\/wp-content\/uploads\/2025\/12\/IMG-20250705-WA0002-768x1024.jpg 768w, https:\/\/chateaudelaillyenval.com\/wp-content\/uploads\/2025\/12\/IMG-20250705-WA0002-1152x1536.jpg 1152w, https:\/\/chateaudelaillyenval.com\/wp-content\/uploads\/2025\/12\/IMG-20250705-WA0002-1536x2048.jpg 1536w, https:\/\/chateaudelaillyenval.com\/wp-content\/uploads\/2025\/12\/IMG-20250705-WA0002-scaled.jpg 1920w\" sizes=\"(max-width: 225px) 100vw, 225px\" \/> <img decoding=\"async\" class=\"alignnone size-medium wp-image-2070\" src=\"https:\/\/chateaudelaillyenval.com\/wp-content\/uploads\/2025\/12\/IMG-20250705-WA0004-225x300.jpg\" alt=\"\" width=\"225\" height=\"300\" srcset=\"https:\/\/chateaudelaillyenval.com\/wp-content\/uploads\/2025\/12\/IMG-20250705-WA0004-225x300.jpg 225w, https:\/\/chateaudelaillyenval.com\/wp-content\/uploads\/2025\/12\/IMG-20250705-WA0004-768x1024.jpg 768w, https:\/\/chateaudelaillyenval.com\/wp-content\/uploads\/2025\/12\/IMG-20250705-WA0004-1152x1536.jpg 1152w, https:\/\/chateaudelaillyenval.com\/wp-content\/uploads\/2025\/12\/IMG-20250705-WA0004-1536x2048.jpg 1536w, https:\/\/chateaudelaillyenval.com\/wp-content\/uploads\/2025\/12\/IMG-20250705-WA0004-scaled.jpg 1920w\" sizes=\"(max-width: 225px) 100vw, 225px\" \/> <img decoding=\"async\" class=\"alignnone size-medium wp-image-2071\" src=\"https:\/\/chateaudelaillyenval.com\/wp-content\/uploads\/2025\/12\/IMG-20250705-WA0006-225x300.jpg\" alt=\"\" width=\"225\" height=\"300\" srcset=\"https:\/\/chateaudelaillyenval.com\/wp-content\/uploads\/2025\/12\/IMG-20250705-WA0006-225x300.jpg 225w, https:\/\/chateaudelaillyenval.com\/wp-content\/uploads\/2025\/12\/IMG-20250705-WA0006-768x1024.jpg 768w, https:\/\/chateaudelaillyenval.com\/wp-content\/uploads\/2025\/12\/IMG-20250705-WA0006-1152x1536.jpg 1152w, https:\/\/chateaudelaillyenval.com\/wp-content\/uploads\/2025\/12\/IMG-20250705-WA0006-1536x2048.jpg 1536w, https:\/\/chateaudelaillyenval.com\/wp-content\/uploads\/2025\/12\/IMG-20250705-WA0006-scaled.jpg 1920w\" sizes=\"(max-width: 225px) 100vw, 225px\" \/> <img loading=\"lazy\" decoding=\"async\" class=\"alignnone size-medium wp-image-2072\" src=\"https:\/\/chateaudelaillyenval.com\/wp-content\/uploads\/2025\/12\/IMG-20250705-WA00081-225x300.jpg\" alt=\"\" width=\"225\" height=\"300\" srcset=\"https:\/\/chateaudelaillyenval.com\/wp-content\/uploads\/2025\/12\/IMG-20250705-WA00081-225x300.jpg 225w, https:\/\/chateaudelaillyenval.com\/wp-content\/uploads\/2025\/12\/IMG-20250705-WA00081-768x1024.jpg 768w, https:\/\/chateaudelaillyenval.com\/wp-content\/uploads\/2025\/12\/IMG-20250705-WA00081-1152x1536.jpg 1152w, https:\/\/chateaudelaillyenval.com\/wp-content\/uploads\/2025\/12\/IMG-20250705-WA00081-1536x2048.jpg 1536w, https:\/\/chateaudelaillyenval.com\/wp-content\/uploads\/2025\/12\/IMG-20250705-WA00081-scaled.jpg 1920w\" sizes=\"(max-width: 225px) 100vw, 225px\" \/> <img loading=\"lazy\" decoding=\"async\" class=\"alignnone size-medium wp-image-2073\" src=\"https:\/\/chateaudelaillyenval.com\/wp-content\/uploads\/2025\/12\/IMG-20250705-WA0022-225x300.jpg\" alt=\"\" width=\"225\" height=\"300\" srcset=\"https:\/\/chateaudelaillyenval.com\/wp-content\/uploads\/2025\/12\/IMG-20250705-WA0022-225x300.jpg 225w, https:\/\/chateaudelaillyenval.com\/wp-content\/uploads\/2025\/12\/IMG-20250705-WA0022-768x1024.jpg 768w, https:\/\/chateaudelaillyenval.com\/wp-content\/uploads\/2025\/12\/IMG-20250705-WA0022-1152x1536.jpg 1152w, https:\/\/chateaudelaillyenval.com\/wp-content\/uploads\/2025\/12\/IMG-20250705-WA0022-1536x2048.jpg 1536w, https:\/\/chateaudelaillyenval.com\/wp-content\/uploads\/2025\/12\/IMG-20250705-WA0022-scaled.jpg 1920w\" sizes=\"(max-width: 225px) 100vw, 225px\" \/><\/div>","protected":false},"featured_media":1804,"template":"","meta":[],"news-category":[22],"class_list":["post-2068","news","type-news","status-publish","has-post-thumbnail","hentry","news-category-expositions"],"jetpack_sharing_enabled":true,"_links":{"self":[{"href":"https:\/\/chateaudelaillyenval.com\/en\/wp-json\/wp\/v2\/news\/2068","targetHints":{"allow":["GET"]}}],"collection":[{"href":"https:\/\/chateaudelaillyenval.com\/en\/wp-json\/wp\/v2\/news"}],"about":[{"href":"https:\/\/chateaudelaillyenval.com\/en\/wp-json\/wp\/v2\/types\/news"}],"wp:featuredmedia":[{"embeddable":true,"href":"https:\/\/chateaudelaillyenval.com\/en\/wp-json\/wp\/v2\/media\/1804"}],"wp:attachment":[{"href":"https:\/\/chateaudelaillyenval.com\/en\/wp-json\/wp\/v2\/media?parent=2068"}],"wp:term":[{"taxonomy":"news-category","embeddable":true,"href":"https:\/\/chateaudelaillyenval.com\/en\/wp-json\/wp\/v2\/news-category?post=2068"}],"curies":[{"name":"wp","href":"https:\/\/api.w.org\/{rel}","templated":true}]}}