{"id":2101,"date":"2025-12-03T23:18:50","date_gmt":"2025-12-03T23:18:50","guid":{"rendered":"https:\/\/chateaudelaillyenval.com\/?post_type=news&#038;p=2101"},"modified":"2025-12-03T23:32:39","modified_gmt":"2025-12-03T23:32:39","slug":"5eme-rencontre-mensuelle-art-memoire-au-chateau-de-lailly-en-val","status":"publish","type":"news","link":"https:\/\/chateaudelaillyenval.com\/en\/news\/5eme-rencontre-mensuelle-art-memoire-au-chateau-de-lailly-en-val\/","title":{"rendered":"Exposition Ann\u00e9es 40 au ch\u00e2teau le 18 et 19 octobre 2025"},"content":{"rendered":"<p><strong>Les ann\u00e9es 40 s\u2019invitent au Ch\u00e2teau &#x1f3f0;<\/strong><\/p>\n<p>Le ch\u00e2teau de Lailly-en-Val ouvre ses portes \u00e0 une plong\u00e9e unique dans l\u2019univers des ann\u00e9es 40, en partenariat avec l\u2019association <strong>Cam\u00e9l\u00e9on<\/strong>. L\u2019exposition transforme le domaine en un v\u00e9ritable voyage dans le temps, o\u00f9 l\u2019\u00e9l\u00e9gance, les \u00e9motions et les m\u00e9moires d\u2019une d\u00e9cennie bouleversante reprennent vie.<\/p>\n<p>&#x1f4c5; <strong>Inauguration : samedi 18 octobre \u00e0 11h00<\/strong><\/p>\n<p style=\"text-align: center;\">\u00a0\u00a0\u00a0<img fetchpriority=\"high\" decoding=\"async\" class=\"alignnone size-medium wp-image-2121\" src=\"https:\/\/chateaudelaillyenval.com\/wp-content\/uploads\/2025\/12\/DSC_0030-300x200.jpg\" alt=\"\" width=\"300\" height=\"200\" srcset=\"https:\/\/chateaudelaillyenval.com\/wp-content\/uploads\/2025\/12\/DSC_0030-300x200.jpg 300w, https:\/\/chateaudelaillyenval.com\/wp-content\/uploads\/2025\/12\/DSC_0030-1024x683.jpg 1024w, https:\/\/chateaudelaillyenval.com\/wp-content\/uploads\/2025\/12\/DSC_0030-768x512.jpg 768w, https:\/\/chateaudelaillyenval.com\/wp-content\/uploads\/2025\/12\/DSC_0030-1536x1025.jpg 1536w, https:\/\/chateaudelaillyenval.com\/wp-content\/uploads\/2025\/12\/DSC_0030-2048x1367.jpg 2048w\" sizes=\"(max-width: 300px) 100vw, 300px\" \/><\/p>\n<p>Costumes d\u2019\u00e9poque soigneusement reconstitu\u00e9s, objets du quotidien mis en sc\u00e8ne \u00e0 travers des sc\u00e9nettes vivantes, v\u00e9hicules authentiques\u2026 chaque d\u00e9tail recr\u00e9e l\u2019atmosph\u00e8re de cette p\u00e9riode marqu\u00e9e par la guerre mais aussi par la r\u00e9silience et la tendresse. Les visiteurs sont invit\u00e9s \u00e0 d\u00e9ambuler dans un d\u00e9cor o\u00f9 l\u2019histoire se raconte autant par les images que par les objets, et \u00e0 ressentir la force de vie qui animait cette g\u00e9n\u00e9ration.<\/p>\n<p>L\u2019\u00e9v\u00e9nement sera enrichi par la pr\u00e9sence de l\u2019auteur <strong>Antoine Bruneau<\/strong>, qui pr\u00e9sentera ses ouvrages consacr\u00e9s \u00e0 cette \u00e9poque. Ses \u00e9changes avec le public offriront un \u00e9clairage sensible et document\u00e9 sur les r\u00e9alit\u00e9s v\u00e9cues, les espoirs et les luttes de ces ann\u00e9es.<\/p>\n<p>Au-del\u00e0 de l\u2019exposition, c\u2019est un v\u00e9ritable hommage \u00e0 la m\u00e9moire collective : une c\u00e9l\u00e9bration de la vie qui continue malgr\u00e9 les \u00e9preuves, de la solidarit\u00e9 et de la cr\u00e9ativit\u00e9 qui ont marqu\u00e9 cette d\u00e9cennie.<\/p>\n<p>Cette journ\u00e9e est organis\u00e9e avec le soutien de l\u2019association <strong>Vitalit\u00e9 Rurale<\/strong>, qui \u0153uvre \u00e0 rapprocher culture, patrimoine et bien-\u00eatre en milieu rural. Ensemble, nous vous invitons \u00e0 partager un moment de m\u00e9moire, d\u2019\u00e9motion et de convivialit\u00e9, au c\u0153ur du ch\u00e2teau de Lailly-en-Val.<\/p>\n<p>&nbsp;<\/p>\n<p><img decoding=\"async\" class=\"alignnone size-medium wp-image-2115\" src=\"https:\/\/chateaudelaillyenval.com\/wp-content\/uploads\/2025\/12\/DSC_0991-200x300.jpg\" alt=\"\" width=\"200\" height=\"300\" srcset=\"https:\/\/chateaudelaillyenval.com\/wp-content\/uploads\/2025\/12\/DSC_0991-200x300.jpg 200w, https:\/\/chateaudelaillyenval.com\/wp-content\/uploads\/2025\/12\/DSC_0991-683x1024.jpg 683w, https:\/\/chateaudelaillyenval.com\/wp-content\/uploads\/2025\/12\/DSC_0991-768x1151.jpg 768w, https:\/\/chateaudelaillyenval.com\/wp-content\/uploads\/2025\/12\/DSC_0991-1025x1536.jpg 1025w, https:\/\/chateaudelaillyenval.com\/wp-content\/uploads\/2025\/12\/DSC_0991-1367x2048.jpg 1367w, https:\/\/chateaudelaillyenval.com\/wp-content\/uploads\/2025\/12\/DSC_0991-scaled.jpg 1708w\" sizes=\"(max-width: 200px) 100vw, 200px\" \/> \u00a0<img decoding=\"async\" class=\"alignnone size-medium wp-image-2116\" src=\"https:\/\/chateaudelaillyenval.com\/wp-content\/uploads\/2025\/12\/20251018_111536-225x300.jpg\" alt=\"\" width=\"225\" height=\"300\" srcset=\"https:\/\/chateaudelaillyenval.com\/wp-content\/uploads\/2025\/12\/20251018_111536-225x300.jpg 225w, https:\/\/chateaudelaillyenval.com\/wp-content\/uploads\/2025\/12\/20251018_111536-768x1024.jpg 768w, https:\/\/chateaudelaillyenval.com\/wp-content\/uploads\/2025\/12\/20251018_111536-1152x1536.jpg 1152w, https:\/\/chateaudelaillyenval.com\/wp-content\/uploads\/2025\/12\/20251018_111536-1536x2048.jpg 1536w, https:\/\/chateaudelaillyenval.com\/wp-content\/uploads\/2025\/12\/20251018_111536-scaled.jpg 1920w\" sizes=\"(max-width: 225px) 100vw, 225px\" \/> <img loading=\"lazy\" decoding=\"async\" class=\"alignnone size-medium wp-image-2117\" src=\"https:\/\/chateaudelaillyenval.com\/wp-content\/uploads\/2025\/12\/20251018_112205-225x300.jpg\" alt=\"\" width=\"225\" height=\"300\" srcset=\"https:\/\/chateaudelaillyenval.com\/wp-content\/uploads\/2025\/12\/20251018_112205-225x300.jpg 225w, https:\/\/chateaudelaillyenval.com\/wp-content\/uploads\/2025\/12\/20251018_112205-768x1024.jpg 768w, https:\/\/chateaudelaillyenval.com\/wp-content\/uploads\/2025\/12\/20251018_112205-1152x1536.jpg 1152w, https:\/\/chateaudelaillyenval.com\/wp-content\/uploads\/2025\/12\/20251018_112205-1536x2048.jpg 1536w, https:\/\/chateaudelaillyenval.com\/wp-content\/uploads\/2025\/12\/20251018_112205-scaled.jpg 1920w\" sizes=\"(max-width: 225px) 100vw, 225px\" \/><\/p>\n<p>&nbsp;<\/p>\n<p><img loading=\"lazy\" decoding=\"async\" class=\"alignnone size-medium wp-image-2118\" src=\"https:\/\/chateaudelaillyenval.com\/wp-content\/uploads\/2025\/12\/20251018_111442-300x225.jpg\" alt=\"\" width=\"300\" height=\"225\" srcset=\"https:\/\/chateaudelaillyenval.com\/wp-content\/uploads\/2025\/12\/20251018_111442-300x225.jpg 300w, https:\/\/chateaudelaillyenval.com\/wp-content\/uploads\/2025\/12\/20251018_111442-1024x768.jpg 1024w, https:\/\/chateaudelaillyenval.com\/wp-content\/uploads\/2025\/12\/20251018_111442-768x576.jpg 768w, https:\/\/chateaudelaillyenval.com\/wp-content\/uploads\/2025\/12\/20251018_111442-1536x1152.jpg 1536w, https:\/\/chateaudelaillyenval.com\/wp-content\/uploads\/2025\/12\/20251018_111442-2048x1536.jpg 2048w\" sizes=\"(max-width: 300px) 100vw, 300px\" \/> <img loading=\"lazy\" decoding=\"async\" class=\"alignnone size-medium wp-image-2119\" src=\"https:\/\/chateaudelaillyenval.com\/wp-content\/uploads\/2025\/12\/20251018_112359-300x225.jpg\" alt=\"\" width=\"300\" height=\"225\" srcset=\"https:\/\/chateaudelaillyenval.com\/wp-content\/uploads\/2025\/12\/20251018_112359-300x225.jpg 300w, https:\/\/chateaudelaillyenval.com\/wp-content\/uploads\/2025\/12\/20251018_112359-1024x768.jpg 1024w, https:\/\/chateaudelaillyenval.com\/wp-content\/uploads\/2025\/12\/20251018_112359-768x576.jpg 768w, https:\/\/chateaudelaillyenval.com\/wp-content\/uploads\/2025\/12\/20251018_112359-1536x1152.jpg 1536w, https:\/\/chateaudelaillyenval.com\/wp-content\/uploads\/2025\/12\/20251018_112359-2048x1536.jpg 2048w\" sizes=\"(max-width: 300px) 100vw, 300px\" \/><\/p>\n<p>&nbsp;<\/p>\n<p><img loading=\"lazy\" decoding=\"async\" class=\"alignnone size-medium wp-image-2120\" src=\"https:\/\/chateaudelaillyenval.com\/wp-content\/uploads\/2025\/12\/20251018_115427-300x225.jpg\" alt=\"\" width=\"300\" height=\"225\" srcset=\"https:\/\/chateaudelaillyenval.com\/wp-content\/uploads\/2025\/12\/20251018_115427-300x225.jpg 300w, https:\/\/chateaudelaillyenval.com\/wp-content\/uploads\/2025\/12\/20251018_115427-1024x768.jpg 1024w, https:\/\/chateaudelaillyenval.com\/wp-content\/uploads\/2025\/12\/20251018_115427-768x576.jpg 768w, https:\/\/chateaudelaillyenval.com\/wp-content\/uploads\/2025\/12\/20251018_115427-1536x1152.jpg 1536w, https:\/\/chateaudelaillyenval.com\/wp-content\/uploads\/2025\/12\/20251018_115427-2048x1536.jpg 2048w\" sizes=\"(max-width: 300px) 100vw, 300px\" \/><\/p>\n<p>&nbsp;<\/p>\n<p>&nbsp;<\/p>\n<p>&nbsp;<\/p>\n<p>&nbsp;<\/p>\n<p>&nbsp;<\/p>","protected":false},"featured_media":2114,"template":"","meta":[],"news-category":[22],"class_list":["post-2101","news","type-news","status-publish","has-post-thumbnail","hentry","news-category-expositions"],"jetpack_sharing_enabled":true,"_links":{"self":[{"href":"https:\/\/chateaudelaillyenval.com\/en\/wp-json\/wp\/v2\/news\/2101","targetHints":{"allow":["GET"]}}],"collection":[{"href":"https:\/\/chateaudelaillyenval.com\/en\/wp-json\/wp\/v2\/news"}],"about":[{"href":"https:\/\/chateaudelaillyenval.com\/en\/wp-json\/wp\/v2\/types\/news"}],"wp:featuredmedia":[{"embeddable":true,"href":"https:\/\/chateaudelaillyenval.com\/en\/wp-json\/wp\/v2\/media\/2114"}],"wp:attachment":[{"href":"https:\/\/chateaudelaillyenval.com\/en\/wp-json\/wp\/v2\/media?parent=2101"}],"wp:term":[{"taxonomy":"news-category","embeddable":true,"href":"https:\/\/chateaudelaillyenval.com\/en\/wp-json\/wp\/v2\/news-category?post=2101"}],"curies":[{"name":"wp","href":"https:\/\/api.w.org\/{rel}","templated":true}]}}