{"id":2154,"date":"2026-01-14T22:51:00","date_gmt":"2026-01-14T22:51:00","guid":{"rendered":"https:\/\/chateaudelaillyenval.com\/?post_type=news&#038;p=2154"},"modified":"2026-01-14T23:12:32","modified_gmt":"2026-01-14T23:12:32","slug":"7eme-rencontre-mensuelle-art-memoire-au-chateau-de-lailly-en-val","status":"publish","type":"news","link":"https:\/\/chateaudelaillyenval.com\/en\/news\/7eme-rencontre-mensuelle-art-memoire-au-chateau-de-lailly-en-val\/","title":{"rendered":"7\u00e8me Rencontre Mensuelle \u201cArt &#038; M\u00e9moire\u201d au Ch\u00e2teau de Lailly en Val"},"content":{"rendered":"<div class=\"html-div xdj266r x14z9mp xat24cr x1lziwak xexx8yu xyri2b x18d9i69 x1c1uobl\" dir=\"auto\">\n<div class=\"html-div xdj266r x14z9mp xat24cr x1lziwak xexx8yu xyri2b x18d9i69 x1c1uobl\" data-ad-rendering-role=\"story_message\">\n<div id=\"_r_n8_\" class=\"x1l90r2v x1iorvi4 x1g0dm76 xpdmqnj\" data-ad-comet-preview=\"message\" data-ad-preview=\"message\">\n<div class=\"x78zum5 xdt5ytf xz62fqu x16ldp7u\">\n<div class=\"xu06os2 x1ok221b\">\n<div class=\"html-div xdj266r x14z9mp xat24cr x1lziwak xexx8yu xyri2b x18d9i69 x1c1uobl\">\n<div dir=\"auto\"><\/div>\n<div class=\"x14z9mp xat24cr x1lziwak x1vvkbs xtlvy1s x126k92a\">\n<div dir=\"auto\">\n<p>&#x1f33f; <strong>Long\u00e9vit\u00e9 et compl\u00e9ments alimentaires : tri entre mythe et r\u00e9alit\u00e9<\/strong><\/p>\n<p>Avec <strong>le Dr Massoud Toussi<\/strong>, m\u00e9decin \u00e9pid\u00e9miologiste.<\/p>\n<p>Une conf\u00e9rence \u00e9clairante pour distinguer le vrai du faux et comprendre dans quelle mesure les compl\u00e9ments alimentaires peuvent \u2014 ou non \u2014 contribuer \u00e0 une meilleure sant\u00e9 sur le long terme.<\/p>\n<\/div>\n<\/div>\n<div class=\"x14z9mp xat24cr x1lziwak x1vvkbs xtlvy1s x126k92a\">\n<div dir=\"auto\"><\/div>\n<\/div>\n<div class=\"x14z9mp xat24cr x1lziwak x1vvkbs xtlvy1s x126k92a\">\n<div dir=\"auto\">\n<p>&#x2744;&#xfe0f; <strong>Traverser l\u2019hiver en douceur : vivre pleinement chaque saison, naturellement<\/strong><\/p>\n<p>Anim\u00e9 par <strong>Perrine Billiet<\/strong>, conseill\u00e8re en soins naturels.<\/p>\n<p>Un temps d\u2019exploration pour d\u00e9couvrir comment les plantes et des gestes simples peuvent accompagner une transition hivernale plus sereine et harmonieuse.<\/p>\n<\/div>\n<div dir=\"auto\"><\/div>\n<\/div>\n<div class=\"x14z9mp xat24cr x1lziwak x1vvkbs xtlvy1s x126k92a\">\n<p><strong>Et pour prolonger la soir\u00e9e\u2026<\/strong><\/p>\n<p>Une <strong>visite du ch\u00e2teau<\/strong> et de ses <strong>expositions permanentes<\/strong>, mettant \u00e0 l\u2019honneur :<\/p>\n<ul>\n<li><strong>Kahem<\/strong>, photographe et sculptrice<\/li>\n<li><strong>Dany<\/strong>, artiste peintre<\/li>\n<li><strong>Cathy Blondeau<\/strong>, photographe<\/li>\n<\/ul>\n<p>Un moment m\u00ealant vitalit\u00e9, transmission et m\u00e9moire, dans le cadre inspirant du Ch\u00e2teau de Lailly-en-Val.<\/p>\n<\/div>\n<div class=\"x14z9mp xat24cr x1lziwak x1vvkbs xtlvy1s x126k92a\">\n<div dir=\"auto\">Et toujours en partenariat avec l&rsquo;Association culturelle <span class=\"html-span xdj266r x14z9mp xat24cr x1lziwak xexx8yu xyri2b x18d9i69 x1c1uobl x1hl2dhg x16tdsg8 x1vvkbs\"><a class=\"x1i10hfl xjbqb8w x1ejq31n x18oe1m7 x1sy0etr xstzfhl x972fbf x10w94by x1qhh985 x14e42zd x9f619 x1ypdohk xt0psk2 x3ct3a4 xdj266r x14z9mp xat24cr x1lziwak xexx8yu xyri2b x18d9i69 x1c1uobl x16tdsg8 x1hl2dhg xggy1nq x1a2a7pz xkrqix3 x1sur9pj x1fey0fg x1s688f\" tabindex=\"0\" role=\"link\" href=\"https:\/\/www.facebook.com\/vitaliterurale?__cft__[0]=AZab3DuIGrL0DQiFiUub7U1wuue4wUYptx3HV8XPxI6UEhs-H8MnnJ4MYSbRiG760idfY_bZ0CYpEVjiLuTKmMctQjvataULzu69_ckdNl_qwjXyCncJJYLqYECiwSoqTv1ETK6_dCIZFKane261LOHm96APtanw3vyfSU0R50iLRw&amp;__tn__=-]K-R\"><span class=\"xt0psk2\"><span class=\"xjp7ctv\">Vitalit\u00e9 Rurale<\/span><\/span><\/a><\/span>.<\/div>\n<\/div>\n<\/div>\n<div dir=\"auto\"><\/div>\n<div class=\"html-div xdj266r x14z9mp xat24cr x1lziwak xexx8yu xyri2b x18d9i69 x1c1uobl\">\n<div dir=\"auto\"><\/div>\n<\/div>\n<\/div>\n<\/div>\n<\/div>\n<\/div>\n<\/div>","protected":false},"featured_media":2156,"template":"","meta":[],"news-category":[21],"class_list":["post-2154","news","type-news","status-publish","has-post-thumbnail","hentry","news-category-conferences"],"jetpack_sharing_enabled":true,"_links":{"self":[{"href":"https:\/\/chateaudelaillyenval.com\/en\/wp-json\/wp\/v2\/news\/2154","targetHints":{"allow":["GET"]}}],"collection":[{"href":"https:\/\/chateaudelaillyenval.com\/en\/wp-json\/wp\/v2\/news"}],"about":[{"href":"https:\/\/chateaudelaillyenval.com\/en\/wp-json\/wp\/v2\/types\/news"}],"wp:featuredmedia":[{"embeddable":true,"href":"https:\/\/chateaudelaillyenval.com\/en\/wp-json\/wp\/v2\/media\/2156"}],"wp:attachment":[{"href":"https:\/\/chateaudelaillyenval.com\/en\/wp-json\/wp\/v2\/media?parent=2154"}],"wp:term":[{"taxonomy":"news-category","embeddable":true,"href":"https:\/\/chateaudelaillyenval.com\/en\/wp-json\/wp\/v2\/news-category?post=2154"}],"curies":[{"name":"wp","href":"https:\/\/api.w.org\/{rel}","templated":true}]}}