{"id":2158,"date":"2026-01-19T18:13:24","date_gmt":"2026-01-19T18:13:24","guid":{"rendered":"https:\/\/chateaudelaillyenval.com\/?post_type=news&#038;p=2158"},"modified":"2026-01-19T18:17:18","modified_gmt":"2026-01-19T18:17:18","slug":"salon-du-livre-au-chateau","status":"publish","type":"news","link":"https:\/\/chateaudelaillyenval.com\/en\/news\/salon-du-livre-au-chateau\/","title":{"rendered":"Salon du livre au Ch\u00e2teau"},"content":{"rendered":"<p>Tout comme l&rsquo;ann\u00e9e derni\u00e8re, pour ouvrir la nouvelle ann\u00e9e, le ch\u00e2teau de Lailly-en-Val accueille un <strong>salon du livre le dimanche 18 janvier<\/strong>, dans la prestigieuse salle de bal du Duc de Lorge. Un rendez-vous bient\u00f4t incontournable pour les amoureux de litt\u00e9rature et de d\u00e9couvertes culturelles dans la r\u00e9gion.<\/p>\n<p>Tout au long de la journ\u00e9e, les visiteurs ont pu \u00e9changer avec des \u00e9crivains venus pr\u00e9senter leurs ouvrages : romans, r\u00e9cits historiques, po\u00e9sie, litt\u00e9rature jeunesse, bandes dessin\u00e9es\u2026 Une diversit\u00e9 qui a permis \u00e0 chacun de trouver son univers, de repartir avec une d\u00e9dicace ou simplement de partager un moment de conversation authentique.<\/p>\n<p>La salle du Duc de Lorge, avec son charme historique et son atmosph\u00e8re chaleureuse, a offert un \u00e9crin id\u00e9al pour cette rencontre litt\u00e9raire. Ses volumes \u00e9l\u00e9gants et sa lumi\u00e8re douce ont contribu\u00e9 \u00e0 cr\u00e9er une ambiance propice \u00e0 la fl\u00e2nerie, \u00e0 la curiosit\u00e9 et \u00e0 la rencontre.<\/p>\n<p>Ce salon du livre confirme la volont\u00e9 de faire de la salle du Duc de Lorge un espace vivant, ouvert, et d\u00e9di\u00e9 aux \u00e9changes culturels. Une \u00e9dition qui ouvre d\u00e9j\u00e0 la voie aux prochains rendez-vous.<\/p>","protected":false},"featured_media":2160,"template":"","meta":[],"news-category":[],"class_list":["post-2158","news","type-news","status-publish","has-post-thumbnail","hentry"],"jetpack_sharing_enabled":true,"_links":{"self":[{"href":"https:\/\/chateaudelaillyenval.com\/en\/wp-json\/wp\/v2\/news\/2158","targetHints":{"allow":["GET"]}}],"collection":[{"href":"https:\/\/chateaudelaillyenval.com\/en\/wp-json\/wp\/v2\/news"}],"about":[{"href":"https:\/\/chateaudelaillyenval.com\/en\/wp-json\/wp\/v2\/types\/news"}],"wp:featuredmedia":[{"embeddable":true,"href":"https:\/\/chateaudelaillyenval.com\/en\/wp-json\/wp\/v2\/media\/2160"}],"wp:attachment":[{"href":"https:\/\/chateaudelaillyenval.com\/en\/wp-json\/wp\/v2\/media?parent=2158"}],"wp:term":[{"taxonomy":"news-category","embeddable":true,"href":"https:\/\/chateaudelaillyenval.com\/en\/wp-json\/wp\/v2\/news-category?post=2158"}],"curies":[{"name":"wp","href":"https:\/\/api.w.org\/{rel}","templated":true}]}}