{"id":2692,"date":"2026-02-27T18:52:49","date_gmt":"2026-02-27T18:52:49","guid":{"rendered":"https:\/\/chateaudelaillyenval.com\/?post_type=news&#038;p=2692"},"modified":"2026-02-27T18:54:28","modified_gmt":"2026-02-27T18:54:28","slug":"8eme-rencontre-mensuelle-art-memoire-au-chateau-de-lailly-en-val","status":"publish","type":"news","link":"https:\/\/chateaudelaillyenval.com\/en\/news\/8eme-rencontre-mensuelle-art-memoire-au-chateau-de-lailly-en-val\/","title":{"rendered":"8\u00e8me Rencontre Mensuelle \u00ab\u00a0Art &#038; M\u00e9moire\u00a0\u00bb au Ch\u00e2teau de Lailly en Val"},"content":{"rendered":"<div class=\"x14z9mp xat24cr x1lziwak x1vvkbs xtlvy1s x126k92a\">\n<div dir=\"auto\">\n<p>&#x269b;&#xfe0f; <strong>\u00ab\u00a0Le pouvoir des hormones :\u00a0<\/strong><b data-olk-copy-source=\"MessageBody\">Poursuivre une long\u00e9vit\u00e9 forte\u00a0\u00bb,\u00a0<\/b>Avec\u00a0le\u00a0<b>Dr Massoud Toussi<\/b>, m\u00e9decin \u00e9pid\u00e9miologiste. Une plong\u00e9e claire et accessible dans le r\u00f4le fondamental des hormones pour notre vitalit\u00e9, accompagn\u00e9e de pistes concr\u00e8tes pour entretenir un corps r\u00e9silient et une sant\u00e9 durable.<\/p>\n<div><\/div>\n<div><b>&#x1f9ab; \u00ab\u00a0Alliances avec le peuple castor : le mythe d\u00e9voil\u00e9 \u00e0 travers une fresque brod\u00e9e\u00a0\u00bb, avec L&rsquo;association L&rsquo;Oasis du Dragon, <\/b>avec l\u2019association <em>L\u2019Oasis du Dragon<\/em>, engag\u00e9e pour la pr\u00e9servation de l\u2019environnement. Une pr\u00e9sentation de l\u2019adaptation de la tapisserie originale du m\u00eame nom, r\u00e9alis\u00e9e avec l\u2019accord et le soutien des deux co\u2011auteurs\u202f: Suzanne Husky, artiste franco\u2011am\u00e9ricaine, et Baptiste Morizot, \u00e9crivain et philosophe.<\/div>\n<div><\/div>\n<div class=\"x14z9mp xat24cr x1lziwak x1vvkbs xtlvy1s x126k92a\">\n<div dir=\"auto\">\n<p>Un temps d\u00e9di\u00e9 \u00e0 la vitalit\u00e9 et \u00e0 la m\u00e9moire, enrichi d\u2019une visite du ch\u00e2teau et de ses expositions permanentes :<\/p>\n<ul>\n<li><strong>Kahem<\/strong>, photographe et sculptrice<\/li>\n<li><strong>Dany<\/strong>, artiste peintre<\/li>\n<li><strong>Cathy Blondeau<\/strong>, photographe<\/li>\n<\/ul>\n<p>Un moment o\u00f9 se tissent vitalit\u00e9, transmission et m\u00e9moire, dans le cadre inspirant du ch\u00e2teau.<\/p>\n<\/div>\n<\/div>\n<\/div>\n<\/div>","protected":false},"featured_media":2693,"template":"","meta":[],"news-category":[21],"class_list":["post-2692","news","type-news","status-publish","has-post-thumbnail","hentry","news-category-conferences"],"jetpack_sharing_enabled":true,"_links":{"self":[{"href":"https:\/\/chateaudelaillyenval.com\/en\/wp-json\/wp\/v2\/news\/2692","targetHints":{"allow":["GET"]}}],"collection":[{"href":"https:\/\/chateaudelaillyenval.com\/en\/wp-json\/wp\/v2\/news"}],"about":[{"href":"https:\/\/chateaudelaillyenval.com\/en\/wp-json\/wp\/v2\/types\/news"}],"wp:featuredmedia":[{"embeddable":true,"href":"https:\/\/chateaudelaillyenval.com\/en\/wp-json\/wp\/v2\/media\/2693"}],"wp:attachment":[{"href":"https:\/\/chateaudelaillyenval.com\/en\/wp-json\/wp\/v2\/media?parent=2692"}],"wp:term":[{"taxonomy":"news-category","embeddable":true,"href":"https:\/\/chateaudelaillyenval.com\/en\/wp-json\/wp\/v2\/news-category?post=2692"}],"curies":[{"name":"wp","href":"https:\/\/api.w.org\/{rel}","templated":true}]}}