{"id":2696,"date":"2026-02-27T19:09:10","date_gmt":"2026-02-27T19:09:10","guid":{"rendered":"https:\/\/chateaudelaillyenval.com\/?post_type=news&#038;p=2696"},"modified":"2026-02-27T19:09:10","modified_gmt":"2026-02-27T19:09:10","slug":"9eme-rencontre-mensuelle-art-memoire-au-chateau-de-lailly-en-val","status":"publish","type":"news","link":"https:\/\/chateaudelaillyenval.com\/en\/news\/9eme-rencontre-mensuelle-art-memoire-au-chateau-de-lailly-en-val\/","title":{"rendered":"9\u00e8me Rencontre Mensuelle \u00ab\u00a0Art &#038; M\u00e9moire\u00a0\u00bb au Ch\u00e2teau de Lailly en Val"},"content":{"rendered":"<p>&#x1f9e0; <strong>\u00ab\u202fMaintenir un cerveau jeune : ce que la science nous apprend\u202f\u00bb<\/strong>, avec le<strong> Dr Massoud Toussi<\/strong>, m\u00e9decin \u00e9pid\u00e9miologiste. Un \u00e9clairage clair et accessible sur les avanc\u00e9es scientifiques qui permettent de pr\u00e9server nos capacit\u00e9s cognitives et de soutenir un vieillissement c\u00e9r\u00e9bral harmonieux.<\/p>\n<p>&#x1f3b5; <strong>\u00ab\u202fVoyage int\u00e9rieur avec le handpan : exploration musicale au service du mieux\u2011\u00eatre\u202f\u00bb<\/strong>, avec <strong>Michel Feldstein<\/strong>, percussionniste et handpaniste. Une immersion sensible o\u00f9 le handpan devient un instrument d\u2019apaisement, d\u2019ancrage et de mieux\u2011\u00eatre, invitant chacun \u00e0 un moment de pr\u00e9sence int\u00e9rieure.<\/p>\n<p>Un temps o\u00f9 vitalit\u00e9 et m\u00e9moire se rencontrent, enrichi d\u2019une d\u00e9couverte du ch\u00e2teau et de ses expositions permanentes :<\/p>\n<ul>\n<li><strong>Kahem<\/strong>, photographe et sculptrice<\/li>\n<li><strong>Dany<\/strong>, artiste peintre<\/li>\n<li><strong>Cathy Blondeau<\/strong>, photographe, qui nous rejoindra prochainement pour une exposition inspir\u00e9e de son s\u00e9jour au Carnaval de Venise, o\u00f9 elle aura captur\u00e9 l\u2019\u00e9l\u00e9gance, les couleurs et la po\u00e9sie de cet \u00e9v\u00e9nement unique.<\/li>\n<\/ul>\n<div class=\"x14z9mp xat24cr x1lziwak x1vvkbs xtlvy1s x126k92a\">\n<div dir=\"auto\">\n<p>&nbsp;<\/p>\n<\/div>\n<\/div>","protected":false},"featured_media":2697,"template":"","meta":[],"news-category":[21],"class_list":["post-2696","news","type-news","status-publish","has-post-thumbnail","hentry","news-category-conferences"],"jetpack_sharing_enabled":true,"_links":{"self":[{"href":"https:\/\/chateaudelaillyenval.com\/en\/wp-json\/wp\/v2\/news\/2696","targetHints":{"allow":["GET"]}}],"collection":[{"href":"https:\/\/chateaudelaillyenval.com\/en\/wp-json\/wp\/v2\/news"}],"about":[{"href":"https:\/\/chateaudelaillyenval.com\/en\/wp-json\/wp\/v2\/types\/news"}],"wp:featuredmedia":[{"embeddable":true,"href":"https:\/\/chateaudelaillyenval.com\/en\/wp-json\/wp\/v2\/media\/2697"}],"wp:attachment":[{"href":"https:\/\/chateaudelaillyenval.com\/en\/wp-json\/wp\/v2\/media?parent=2696"}],"wp:term":[{"taxonomy":"news-category","embeddable":true,"href":"https:\/\/chateaudelaillyenval.com\/en\/wp-json\/wp\/v2\/news-category?post=2696"}],"curies":[{"name":"wp","href":"https:\/\/api.w.org\/{rel}","templated":true}]}}